{"id":624,"date":"2024-12-17T21:19:34","date_gmt":"2024-12-17T21:19:34","guid":{"rendered":"https:\/\/czasdlarozwoju.pl\/?p=624"},"modified":"2024-12-17T21:19:35","modified_gmt":"2024-12-17T21:19:35","slug":"jak-wybrac-plecak-na-krotka-wycieczke","status":"publish","type":"post","link":"https:\/\/czasdlarozwoju.pl\/index.php\/jak-wybrac-plecak-na-krotka-wycieczke\/","title":{"rendered":"Jak wybra\u0107 plecak na kr\u00f3tk\u0105 wycieczk\u0119?"},"content":{"rendered":"\n<p>Osoby, kt\u00f3re maj\u0105 w zwyczaju odbywa\u0107 kr\u00f3tkie wycieczki na przyk\u0142ad po g\u00f3rskich szlakach oraz wszyscy ci, kt\u00f3rzy cz\u0119sto wyje\u017cd\u017caj\u0105 do innych miast na kr\u00f3tkie pobyty, potrzebuj\u0105 dobrego plecaka turystycznego. Aby wybra\u0107 odpowiedni<strong> plecak<\/strong>, warto zwr\u00f3ci\u0107 uwag\u0119 na podstawowe parametry, takie jak materia\u0142 wykonania, pojemno\u015b\u0107, ilo\u015b\u0107 kieszeni czy konstrukcja szelek.<\/p>\n\n\n\n<h2 class=\"wp-block-heading\">Co nale\u017cy sprawdzi\u0107 wybieraj\u0105c plecak?<\/h2>\n\n\n\n<p>Gdy kto\u015b potrzebuje naby\u0107 niezbyt du\u017cy plecak na kr\u00f3tkie wyjazdy wskazane jest, by jako miejsce zakup\u00f3w wybra\u0142 <strong>sklep sportowy<\/strong> lub turystyczny. W pierwszej kolejno\u015bci warto zwr\u00f3ci\u0107 uwag\u0119 na materia\u0142 z kt\u00f3rego plecak jest wykonany. Powinien by\u0107 on mocny, odporny na przetarcia i najlepiej wodoodporny. Nast\u0119pnie nale\u017cy zastanowi\u0107 si\u0119 nad pojemno\u015bci\u0105 plecaka, kt\u00f3ra b\u0119dzie odpowiada\u0142a osobistym potrzebom. Zwykle jako <a href=\"https:\/\/leadstar.pl\/c?pid=99808&amp;did=10668&amp;ha=1054577746&amp;r=7403&amp;epi1=xxx&amp;epi2=plecaki\">plecak<\/a> na wycieczki najlepiej sprawdza si\u0119 pojemno\u015b\u0107 30 litr\u00f3w. Jest to wielko\u015b\u0107 wystarczaj\u0105ca do tego, by zabra\u0107 odzie\u017c, buty, kosmetyczk\u0119, picie, jedzenie. Ponadto wa\u017cne jest aby plecak mia\u0142 co najmniej kilka por\u0119cznych kieszeni. Mo\u017cna tam w\u0142o\u017cy\u0107 drobiazgi, kt\u00f3re cz\u0119sto s\u0105 u\u017cywane w ci\u0105gu dnia. Chodzi tu o krem przeciws\u0142oneczny, map\u0119 czy okulary. Bardzo przydaj\u0105 si\u0119 tak\u017ce specjalne elastyczne, zewn\u0119trzne kieszenie na butelki z wod\u0105. <mark style=\"background-color:rgba(0, 0, 0, 0)\" class=\"has-inline-color has-pale-pink-color\">Warto wybiera\u0107 plecaki z pasem napiersiowym i biodrowym<\/mark>, gdy\u017c zapewnia im to wi\u0119ksz\u0105 stabilno\u015b\u0107. Bardzo <mark style=\"background-color:rgba(0, 0, 0, 0)\" class=\"has-inline-color has-pale-pink-color\">przydatne s\u0105 te\u017c dodatkowe mocowania na \u015bpiw\u00f3r czy izomat\u0119<\/mark>.<br>Je\u015bli chcemy sprawdzi\u0107 czy dany plecak b\u0119dzie wygodny, najlepiej jest go przymierzy\u0107 w sklepie. W celu najlepszego przetestowania nale\u017cy poluzowa\u0107 paski, za\u0142o\u017cy\u0107 plecak, dopasowa\u0107 szelki oraz ewentualnie wyregulowa\u0107 paski obci\u0105\u017caj\u0105ce.<\/p>\n\n\n\n<h2 class=\"wp-block-heading\">Co jeszcze jest wa\u017cne przy wyborze plecaka na wycieczki?<\/h2>\n\n\n\n<p>Kolorystyka plecak\u00f3w jest dzisiaj bardzo rozbudowana, warto jednak wybiera\u0107 kolory raczej ciemne, aby plecak nie by\u0142 tak podatny na zabrudzenia. S\u0105 tak\u017ce <a href=\"https:\/\/leadstar.pl\/c?pid=99808&amp;did=10669&amp;ha=62635490&amp;r=4144\">plecaki<\/a>, kt\u00f3re pod pod\u0142og\u0105 maj\u0105 specjaln\u0105 kiesze\u0144, gdzie ukryty jest <strong>nieprzemakalny<\/strong> pokrowiec na plecak. Warto tak\u017ce przyjrze\u0107 si\u0119 tylnej cz\u0119\u015bci plecaka, kt\u00f3ra powinna by\u0107 mi\u0119kka i odpowiednio wyprofilowana oraz jednocze\u015bnie powinien pozosta\u0107 tam obszar, kt\u00f3ry pozwala na wentylacj\u0119 powietrza. Bardzo wa\u017cne s\u0105 tak\u017ce szelki, przy kt\u00f3rych mog\u0105 by\u0107 specjalne szlufki na mocowanie kijk\u00f3w. Dobrze jest, gdy szelki maj\u0105 tak\u017ce rozpinany pas wspieraj\u0105cy na klatce piersiowej i drugi, kt\u00f3ry mo\u017cna przypi\u0105\u0107 na biodrach. Dzi\u0119ki temu du\u017co \u0142atwiej jest nosi\u0107 plecak znacznie obci\u0105\u017cony. Wszystkie <mark style=\"background-color:rgba(0, 0, 0, 0)\" class=\"has-inline-color has-pale-pink-color\">szelki powinny mie\u0107 oczywi\u015bcie regulacj\u0119,<\/mark> tak aby mo\u017cna by\u0142o je dopasowa\u0107 do gabaryt\u00f3w danej osoby. Bardzo wa\u017cne jest te\u017c aby plecak na g\u00f3rze mia\u0142 solidny wieszak, aby da\u0142o si\u0119 go gdzie\u015b powiesi\u0107 oraz w razie potrzeby nie\u015b\u0107 w r\u0119ku. Ponadto warto zwr\u00f3ci\u0107 uwag\u0119 na to czy plecy s\u0105 <strong>usztywnione<\/strong>. Ka\u017cda osoba nabywaj\u0105ca plecak turystyczny powinna mie\u0107 \u015bwiadomo\u015b\u0107, \u017ce dobre plecaki maj\u0105 swoj\u0105 cen\u0119. Najlepsi producenci oferuj\u0105 nawet 10 lat gwarancji na trwa\u0142o\u015b\u0107 swoich plecak\u00f3w. Ponadto zawsze warto sprawdza\u0107 w internecie, jakimi opiniami ciesz\u0105 si\u0119 dane modele plecak\u00f3w na wycieczki.<\/p>\n","protected":false},"excerpt":{"rendered":"<p>Osoby, kt\u00f3re maj\u0105 w zwyczaju odbywa\u0107 kr\u00f3tkie wycieczki na przyk\u0142ad po g\u00f3rskich szlakach oraz wszyscy ci, kt\u00f3rzy cz\u0119sto wyje\u017cd\u017caj\u0105 do innych miast na kr\u00f3tkie pobyty, potrzebuj\u0105 dobrego plecaka turystycznego. Aby wybra\u0107 odpowiedni plecak, warto zwr\u00f3ci\u0107 uwag\u0119 na podstawowe parametry, takie jak materia\u0142 wykonania, pojemno\u015b\u0107, ilo\u015b\u0107 kieszeni czy konstrukcja szelek. Co nale\u017cy sprawdzi\u0107 wybieraj\u0105c plecak? Gdy [&hellip;]<\/p>\n","protected":false},"author":1,"featured_media":625,"comment_status":"open","ping_status":"open","sticky":false,"template":"","format":"standard","meta":{"footnotes":""},"categories":[40,46],"tags":[339,335,341,340,336,338,337,342],"class_list":["post-624","post","type-post","status-publish","format-standard","has-post-thumbnail","hentry","category-life-style","category-turystyka","tag-gwarancja","tag-plecak","tag-plecaki","tag-pojemnosc","tag-sklep-sportowy","tag-szelki","tag-turystyczny","tag-wycieczki"],"_links":{"self":[{"href":"https:\/\/czasdlarozwoju.pl\/index.php\/wp-json\/wp\/v2\/posts\/624","targetHints":{"allow":["GET"]}}],"collection":[{"href":"https:\/\/czasdlarozwoju.pl\/index.php\/wp-json\/wp\/v2\/posts"}],"about":[{"href":"https:\/\/czasdlarozwoju.pl\/index.php\/wp-json\/wp\/v2\/types\/post"}],"author":[{"embeddable":true,"href":"https:\/\/czasdlarozwoju.pl\/index.php\/wp-json\/wp\/v2\/users\/1"}],"replies":[{"embeddable":true,"href":"https:\/\/czasdlarozwoju.pl\/index.php\/wp-json\/wp\/v2\/comments?post=624"}],"version-history":[{"count":1,"href":"https:\/\/czasdlarozwoju.pl\/index.php\/wp-json\/wp\/v2\/posts\/624\/revisions"}],"predecessor-version":[{"id":626,"href":"https:\/\/czasdlarozwoju.pl\/index.php\/wp-json\/wp\/v2\/posts\/624\/revisions\/626"}],"wp:featuredmedia":[{"embeddable":true,"href":"https:\/\/czasdlarozwoju.pl\/index.php\/wp-json\/wp\/v2\/media\/625"}],"wp:attachment":[{"href":"https:\/\/czasdlarozwoju.pl\/index.php\/wp-json\/wp\/v2\/media?parent=624"}],"wp:term":[{"taxonomy":"category","embeddable":true,"href":"https:\/\/czasdlarozwoju.pl\/index.php\/wp-json\/wp\/v2\/categories?post=624"},{"taxonomy":"post_tag","embeddable":true,"href":"https:\/\/czasdlarozwoju.pl\/index.php\/wp-json\/wp\/v2\/tags?post=624"}],"curies":[{"name":"wp","href":"https:\/\/api.w.org\/{rel}","templated":true}]}}