{"id":714,"date":"2025-10-02T12:26:19","date_gmt":"2025-10-02T12:26:19","guid":{"rendered":"https:\/\/czasdlarozwoju.pl\/?p=714"},"modified":"2026-03-04T11:25:29","modified_gmt":"2026-03-04T11:25:29","slug":"mala-lazienka-jak-ja-urzadzic","status":"publish","type":"post","link":"https:\/\/czasdlarozwoju.pl\/index.php\/mala-lazienka-jak-ja-urzadzic\/","title":{"rendered":"Ma\u0142a \u0142azienka-jak j\u0105 urz\u0105dzi\u0107?"},"content":{"rendered":"\n<p>W wielu mieszkaniach oraz domach obecnie wyst\u0119puj\u0105 ma\u0142e \u0142azienki. Pomieszczenia te s\u0105 stosunkowo trudne do aran\u017cacji, jednak przy zachowaniu kilku wa\u017cnych zasad mo\u017cna dobrze wykorzysta\u0107 przestrze\u0144 i stworzy\u0107 wn\u0119trze funkcjonalne i estetyczne.<\/p>\n\n\n\n<h3 class=\"wp-block-heading\">1. <strong>Postaw na jasne kolory<\/strong><\/h3>\n\n\n\n<ul class=\"wp-block-list\">\n<li>Jasne \u015bciany, p\u0142ytki i wyposa\u017cenie (biele, be\u017ce, pastele) optycznie <strong>powi\u0119kszaj\u0105 przestrze\u0144<\/strong>.<\/li>\n\n\n\n<li>Mo\u017cna doda\u0107 akcenty kolorystyczne (np. czarne dodatki), jednak jasne tony powinny by\u0107 dominuj\u0105ce.<\/li>\n<\/ul>\n\n\n\n<h3 class=\"wp-block-heading\">2. <strong>Dobre wykorzystanie przestrzeni pionowej<\/strong><\/h3>\n\n\n\n<ul class=\"wp-block-list\">\n<li><strong>P\u00f3\u0142ki, szafki i relingi<\/strong> warto zamontowa\u0107 nad toalet\u0105, drzwiami czy pralk\u0105.<\/li>\n\n\n\n<li>Szafki wisz\u0105ce lub wn\u0119kowe s\u0105 idealne \u2013 daj\u0105 miejsce na przechowywanie bez zajmowania pod\u0142ogi. Dodatkowo przy szafkach wisz\u0105cych mo\u017cna du\u017co \u0142atwiej utrzyma\u0107 w czysto\u015bci pod\u0142og\u0119.<\/li>\n<\/ul>\n\n\n\n<h3 class=\"wp-block-heading\">3. <strong>Wybieraj kompaktowe, wielofunkcyjne sprz\u0119ty<\/strong><\/h3>\n\n\n\n<ul class=\"wp-block-list\">\n<li><strong>Umywalka z szafk\u0105<\/strong>, kompaktowy WC, pralka slim czy <strong>kabina walk-in<\/strong> bez brodzika to rozwi\u0105zania, kt\u00f3re oszcz\u0119dzaj\u0105 miejsce.<\/li>\n\n\n\n<li>Dobrym wyj\u015bciem jest tak\u017ce <strong>zabudowa pralki<\/strong> i kosza na pranie, by wszystko by\u0142o schowane.<\/li>\n<\/ul>\n\n\n\n<h3 class=\"wp-block-heading\">4. <strong>Stosuj du\u017ce lustro (lub kilka)<\/strong><\/h3>\n\n\n\n<ul class=\"wp-block-list\">\n<li>Du\u017ce lustro <strong>optycznie powi\u0119ksza i rozja\u015bnia<\/strong> ka\u017cd\u0105 \u0142azienk\u0119.<\/li>\n\n\n\n<li>Lustro mo\u017ce by\u0107 zintegrowane z szafk\u0105 lub pod\u015bwietlane LED-em.<\/li>\n<\/ul>\n\n\n\n<h3 class=\"wp-block-heading\">5. <strong>Dobra organizacja przechowywania<\/strong><\/h3>\n\n\n\n<ul class=\"wp-block-list\">\n<li>Wszystko powinno mie\u0107 swoje miejsce: koszyki, pojemniki, organizery w szufladach.<\/li>\n\n\n\n<li>Nale\u017cy unika\u0107 przechowywania kosmetyk\u00f3w na wierzchu, bo tworzy to wra\u017cenie ba\u0142aganu.<\/li>\n<\/ul>\n\n\n\n<h3 class=\"wp-block-heading\">6. <strong>Sp\u00f3jna i prosta stylistyka<\/strong><\/h3>\n\n\n\n<ul class=\"wp-block-list\">\n<li>w  ma\u0142ej \u0142azience nale\u017cy stosowa\u0107 jak najmniej wzor\u00f3w, kolor\u00f3w i faktur.  Im bardziej <strong>sp\u00f3jne i uporz\u0105dkowane wn\u0119trze<\/strong>, tym mniej przyt\u0142aczaj\u0105ce.<\/li>\n\n\n\n<li>P\u0142ytki najlepiej aby by\u0142y w jednym stylu (np. 2 wzory \u2013 na pod\u0142odze i jednej \u015bcianie).<\/li>\n<\/ul>\n\n\n\n<script type=\"text\/javascript\" src=\"https:\/\/ocelot.leadstar.com.pl\/cr_leadstar.js\"><\/script>\n<script>CRLeadStar.init({\n    id:1965177, \n    type:1, \n    src: \"https:\/\/ocelot.leadstar.com.pl\/creations\/static\/d9451cd69ad297d36a0880a57d549508.jpg\", \n    url: \"https:\/\/leadstar.pl\/c?pid=99808&tid=6200&gid=167608&ha=2027239731\",\n    trk: \"https:\/\/ocelot.leadstar.com.pl\/rewrite\/dd409260aea46a90e61b9a69fb9726ef\",\n    width:750, \n    height:100, \n    epi1:\"\", \n    epi2:\"\"\n});<\/script>\n\n\n\n<p><\/p>\n","protected":false},"excerpt":{"rendered":"<p>W wielu mieszkaniach oraz domach obecnie wyst\u0119puj\u0105 ma\u0142e \u0142azienki. Pomieszczenia te s\u0105 stosunkowo trudne do aran\u017cacji, jednak przy zachowaniu kilku wa\u017cnych zasad mo\u017cna dobrze wykorzysta\u0107 przestrze\u0144 i stworzy\u0107 wn\u0119trze funkcjonalne i estetyczne. 1. Postaw na jasne kolory 2. Dobre wykorzystanie przestrzeni pionowej 3. Wybieraj kompaktowe, wielofunkcyjne sprz\u0119ty 4. Stosuj du\u017ce lustro (lub kilka) 5. Dobra [&hellip;]<\/p>\n","protected":false},"author":1,"featured_media":715,"comment_status":"open","ping_status":"open","sticky":false,"template":"","format":"standard","meta":{"footnotes":""},"categories":[42],"tags":[78,446,451,448,438,440,439,447,449,355,84,441,445,443,344,442,444,452,450,94],"class_list":["post-714","post","type-post","status-publish","format-standard","has-post-thumbnail","hentry","category-dom","tag-dom","tag-kabina-walk-in","tag-kawalerka","tag-koszyki","tag-lazienka","tag-lustro","tag-mala-lazienka","tag-organizacja-przechowywania","tag-organizery","tag-plytki","tag-podloga","tag-polki","tag-pralka-slim","tag-relingi","tag-remont","tag-szafki","tag-umywalka","tag-urzadzanie-wnetrz","tag-w-szufladach","tag-wnetrza"],"_links":{"self":[{"href":"https:\/\/czasdlarozwoju.pl\/index.php\/wp-json\/wp\/v2\/posts\/714","targetHints":{"allow":["GET"]}}],"collection":[{"href":"https:\/\/czasdlarozwoju.pl\/index.php\/wp-json\/wp\/v2\/posts"}],"about":[{"href":"https:\/\/czasdlarozwoju.pl\/index.php\/wp-json\/wp\/v2\/types\/post"}],"author":[{"embeddable":true,"href":"https:\/\/czasdlarozwoju.pl\/index.php\/wp-json\/wp\/v2\/users\/1"}],"replies":[{"embeddable":true,"href":"https:\/\/czasdlarozwoju.pl\/index.php\/wp-json\/wp\/v2\/comments?post=714"}],"version-history":[{"count":4,"href":"https:\/\/czasdlarozwoju.pl\/index.php\/wp-json\/wp\/v2\/posts\/714\/revisions"}],"predecessor-version":[{"id":738,"href":"https:\/\/czasdlarozwoju.pl\/index.php\/wp-json\/wp\/v2\/posts\/714\/revisions\/738"}],"wp:featuredmedia":[{"embeddable":true,"href":"https:\/\/czasdlarozwoju.pl\/index.php\/wp-json\/wp\/v2\/media\/715"}],"wp:attachment":[{"href":"https:\/\/czasdlarozwoju.pl\/index.php\/wp-json\/wp\/v2\/media?parent=714"}],"wp:term":[{"taxonomy":"category","embeddable":true,"href":"https:\/\/czasdlarozwoju.pl\/index.php\/wp-json\/wp\/v2\/categories?post=714"},{"taxonomy":"post_tag","embeddable":true,"href":"https:\/\/czasdlarozwoju.pl\/index.php\/wp-json\/wp\/v2\/tags?post=714"}],"curies":[{"name":"wp","href":"https:\/\/api.w.org\/{rel}","templated":true}]}}