{"id":721,"date":"2025-11-30T22:32:10","date_gmt":"2025-11-30T22:32:10","guid":{"rendered":"https:\/\/czasdlarozwoju.pl\/?p=721"},"modified":"2025-12-06T10:50:25","modified_gmt":"2025-12-06T10:50:25","slug":"farbowanie-ubran-w-warunkach-domowych","status":"publish","type":"post","link":"https:\/\/czasdlarozwoju.pl\/index.php\/farbowanie-ubran-w-warunkach-domowych\/","title":{"rendered":"Farbowanie ubra\u0144 w warunkach domowych"},"content":{"rendered":"\n<p>R\u00f3\u017cne s\u0105 powody tego, \u017ce kto\u015b chce przefarbowa\u0107 swoje ubrania czy tekstylia domowe. Czasami pierwotny kolor jest wyblak\u0142y, innym razem jest to ch\u0119\u0107 ukrycia plam czy po prostu potrzeba wprowadzenia pewnej odmiany. Poni\u017cej mo\u017cna zapozna\u0107 si\u0119 z testem farbowania odzie\u017cy w warunkach domowych i warto podkre\u015bli\u0107, \u017ce by\u0142o to <strong>farbowanie w pralce<\/strong>. <\/p>\n\n\n\n<h2 class=\"wp-block-heading\">Jaki barwnik zosta\u0142 u\u017cyty to farbowania?<\/h2>\n\n\n\n<p>Do farbowania zastosowano popularny barwnik, kt\u00f3ry mo\u017cna bez problemu kupi\u0107 w pasmanterii w cenie oko\u0142o 5 z\u0142. Warto podkre\u015bli\u0107, \u017ce barwnik ten jest przeznaczony przede wszystkim do ubra\u0144 o naturalnym sk\u0142adzie. Kupuj\u0105c barwnik do tkanin warto najpierw przeczyta\u0107 wi\u0119c instrukcj\u0119. <\/p>\n\n\n\n<figure class=\"wp-block-gallery has-nested-images columns-default is-cropped wp-block-gallery-1 is-layout-flex wp-block-gallery-is-layout-flex\">\n<figure class=\"wp-block-image size-large is-style-default\"><img loading=\"lazy\" decoding=\"async\" width=\"814\" height=\"1024\" data-id=\"722\" src=\"https:\/\/czasdlarozwoju.pl\/wp-content\/uploads\/2025\/11\/20251130_232616-814x1024.jpg\" alt=\"barwnik do tkanin\" class=\"wp-image-722\" srcset=\"https:\/\/czasdlarozwoju.pl\/wp-content\/uploads\/2025\/11\/20251130_232616-814x1024.jpg 814w, https:\/\/czasdlarozwoju.pl\/wp-content\/uploads\/2025\/11\/20251130_232616-238x300.jpg 238w, https:\/\/czasdlarozwoju.pl\/wp-content\/uploads\/2025\/11\/20251130_232616-768x966.jpg 768w, https:\/\/czasdlarozwoju.pl\/wp-content\/uploads\/2025\/11\/20251130_232616-1221x1536.jpg 1221w, https:\/\/czasdlarozwoju.pl\/wp-content\/uploads\/2025\/11\/20251130_232616-1627x2048.jpg 1627w, https:\/\/czasdlarozwoju.pl\/wp-content\/uploads\/2025\/11\/20251130_232616-600x755.jpg 600w, https:\/\/czasdlarozwoju.pl\/wp-content\/uploads\/2025\/11\/20251130_232616-scaled.jpg 2034w\" sizes=\"auto, (max-width: 814px) 100vw, 814px\" \/><\/figure>\n<\/figure>\n\n\n\n<h2 class=\"wp-block-heading\">Tak wygl\u0105da\u0142y rzeczy przed farbowaniem:<\/h2>\n\n\n\n<figure class=\"wp-block-image size-large is-resized\"><img loading=\"lazy\" decoding=\"async\" width=\"755\" height=\"1024\" src=\"https:\/\/czasdlarozwoju.pl\/wp-content\/uploads\/2025\/11\/20251206_113532-755x1024.jpg\" alt=\"\" class=\"wp-image-727\" style=\"aspect-ratio:0.7373159380483711;width:412px;height:auto\" srcset=\"https:\/\/czasdlarozwoju.pl\/wp-content\/uploads\/2025\/11\/20251206_113532-755x1024.jpg 755w, https:\/\/czasdlarozwoju.pl\/wp-content\/uploads\/2025\/11\/20251206_113532-221x300.jpg 221w, https:\/\/czasdlarozwoju.pl\/wp-content\/uploads\/2025\/11\/20251206_113532-768x1041.jpg 768w, https:\/\/czasdlarozwoju.pl\/wp-content\/uploads\/2025\/11\/20251206_113532-1133x1536.jpg 1133w, https:\/\/czasdlarozwoju.pl\/wp-content\/uploads\/2025\/11\/20251206_113532-1510x2048.jpg 1510w, https:\/\/czasdlarozwoju.pl\/wp-content\/uploads\/2025\/11\/20251206_113532-600x814.jpg 600w, https:\/\/czasdlarozwoju.pl\/wp-content\/uploads\/2025\/11\/20251206_113532-scaled.jpg 1888w\" sizes=\"auto, (max-width: 755px) 100vw, 755px\" \/><\/figure>\n\n\n\n<h2 class=\"wp-block-heading\">Tu jest efekt ko\u0144cowy:<\/h2>\n\n\n\n<figure class=\"wp-block-image size-large\"><img loading=\"lazy\" decoding=\"async\" width=\"576\" height=\"1024\" src=\"https:\/\/czasdlarozwoju.pl\/wp-content\/uploads\/2025\/11\/20251204_144232-576x1024.jpg\" alt=\"barwnik do tkanin granatowy\" class=\"wp-image-726\" srcset=\"https:\/\/czasdlarozwoju.pl\/wp-content\/uploads\/2025\/11\/20251204_144232-576x1024.jpg 576w, https:\/\/czasdlarozwoju.pl\/wp-content\/uploads\/2025\/11\/20251204_144232-169x300.jpg 169w, https:\/\/czasdlarozwoju.pl\/wp-content\/uploads\/2025\/11\/20251204_144232-768x1365.jpg 768w, https:\/\/czasdlarozwoju.pl\/wp-content\/uploads\/2025\/11\/20251204_144232-864x1536.jpg 864w, https:\/\/czasdlarozwoju.pl\/wp-content\/uploads\/2025\/11\/20251204_144232-1152x2048.jpg 1152w, https:\/\/czasdlarozwoju.pl\/wp-content\/uploads\/2025\/11\/20251204_144232-600x1067.jpg 600w, https:\/\/czasdlarozwoju.pl\/wp-content\/uploads\/2025\/11\/20251204_144232-scaled.jpg 1440w\" sizes=\"auto, (max-width: 576px) 100vw, 576px\" \/><\/figure>\n\n\n\n<h2 class=\"wp-block-heading\">Wnioski na temat domowego farbowania:<\/h2>\n\n\n\n<p>-z trzech rzeczy widocznych na zdj\u0119ciu najlepszy efekt uzyska\u0142y torby eko, kt\u00f3re by\u0142y wykonane ze 100% bawe\u0142ny, ich nowy kolor by\u0142 najbardziej jednolity<\/p>\n\n\n\n<p>-koszulka bawe\u0142kniana z niewielkim dodatkiem elastanu nie zabarwi\u0142a si\u0119 r\u00f3wno<\/p>\n\n\n\n<p>-wybieraj\u0105c do farbowania jasne rzeczy trzeba mie\u0107 na uwadze, \u017ce nitki obecnie najcz\u0119\u015bciej s\u0105 poliestrowe a wi\u0119c pozostaj\u0105 bia\u0142e<\/p>\n\n\n\n<p>-farbowanie okaza\u0142o si\u0119 nieskuteczne w przypadku szarej bluzy (70% poliestru i 30% bawe\u0142ny), zmiana koloru prawie niewidoczna, jednak farbowanie w pewnym stopniu pomog\u0142o na przebarwienia od suszenia na s\u0142o\u0144cu (bluzy nie ma na zdj\u0119ciach)<\/p>\n\n\n\n<p>-farbowanie z pomoc\u0105 takiego barwnika nie sprawdzi si\u0119 w przypadku plam, bo mimo tego, \u017ce zmieni\u0105 one nieco kolor to i tak b\u0119d\u0105 si\u0119 odr\u00f3\u017cnia\u0107 od reszty<\/p>\n\n\n\n<p>-u\u017cycie takiego barwnika jest najbardziej wskazane w przypadku ubra\u0144 w dobrym stanie, gdy chcemy tylko o\u017cywi\u0107 kolor, dobrym pomys\u0142em b\u0119d\u0105 na przyk\u0142ad granatowe jeansy, kt\u00f3re nieco straci\u0142y kolor w praniu<\/p>\n\n\n\n<p>-pralka w og\u00f3le nie ucierpia\u0142a na skutek farbowania, nic si\u0119 nie zabarwi\u0142o na granatowo, nawet gumowe uszczelki<\/p>\n","protected":false},"excerpt":{"rendered":"<p>R\u00f3\u017cne s\u0105 powody tego, \u017ce kto\u015b chce przefarbowa\u0107 swoje ubrania czy tekstylia domowe. Czasami pierwotny kolor jest wyblak\u0142y, innym razem jest to ch\u0119\u0107 ukrycia plam czy po prostu potrzeba wprowadzenia pewnej odmiany. Poni\u017cej mo\u017cna zapozna\u0107 si\u0119 z testem farbowania odzie\u017cy w warunkach domowych i warto podkre\u015bli\u0107, \u017ce by\u0142o to farbowanie w pralce. Jaki barwnik zosta\u0142 [&hellip;]<\/p>\n","protected":false},"author":1,"featured_media":723,"comment_status":"open","ping_status":"open","sticky":false,"template":"","format":"standard","meta":{"footnotes":""},"categories":[42],"tags":[455,457,461,458,78,456,454,462,61,117,459,460,87,453],"class_list":["post-721","post","type-post","status-publish","format-standard","has-post-thumbnail","hentry","category-dom","tag-barwnik-do-tkanin","tag-barwnik-do-ubran","tag-bawelna","tag-dbanie-o-ubrania","tag-dom","tag-farba-do-tkanin","tag-farbowanie-ubran","tag-jeansy","tag-moda","tag-oszczedzanie","tag-plamy","tag-poliester","tag-pralka","tag-ubrania"],"_links":{"self":[{"href":"https:\/\/czasdlarozwoju.pl\/index.php\/wp-json\/wp\/v2\/posts\/721","targetHints":{"allow":["GET"]}}],"collection":[{"href":"https:\/\/czasdlarozwoju.pl\/index.php\/wp-json\/wp\/v2\/posts"}],"about":[{"href":"https:\/\/czasdlarozwoju.pl\/index.php\/wp-json\/wp\/v2\/types\/post"}],"author":[{"embeddable":true,"href":"https:\/\/czasdlarozwoju.pl\/index.php\/wp-json\/wp\/v2\/users\/1"}],"replies":[{"embeddable":true,"href":"https:\/\/czasdlarozwoju.pl\/index.php\/wp-json\/wp\/v2\/comments?post=721"}],"version-history":[{"count":3,"href":"https:\/\/czasdlarozwoju.pl\/index.php\/wp-json\/wp\/v2\/posts\/721\/revisions"}],"predecessor-version":[{"id":730,"href":"https:\/\/czasdlarozwoju.pl\/index.php\/wp-json\/wp\/v2\/posts\/721\/revisions\/730"}],"wp:featuredmedia":[{"embeddable":true,"href":"https:\/\/czasdlarozwoju.pl\/index.php\/wp-json\/wp\/v2\/media\/723"}],"wp:attachment":[{"href":"https:\/\/czasdlarozwoju.pl\/index.php\/wp-json\/wp\/v2\/media?parent=721"}],"wp:term":[{"taxonomy":"category","embeddable":true,"href":"https:\/\/czasdlarozwoju.pl\/index.php\/wp-json\/wp\/v2\/categories?post=721"},{"taxonomy":"post_tag","embeddable":true,"href":"https:\/\/czasdlarozwoju.pl\/index.php\/wp-json\/wp\/v2\/tags?post=721"}],"curies":[{"name":"wp","href":"https:\/\/api.w.org\/{rel}","templated":true}]}}